{"id":5665,"date":"2024-07-15T14:14:17","date_gmt":"2024-07-15T18:14:17","guid":{"rendered":"https:\/\/abacentersfl.com\/?p=5665"},"modified":"2025-05-21T16:24:53","modified_gmt":"2025-05-21T20:24:53","slug":"manejando-la-ansiedad-por-el-regreso-a-clases-en-ninos-con-autismo","status":"publish","type":"post","link":"https:\/\/abacentersfl.com\/es\/blog\/manejando-la-ansiedad-por-el-regreso-a-clases-en-ninos-con-autismo\/","title":{"rendered":"Manejando la Ansiedad por el Regreso a Clases en Ni\u00f1os con Autismo"},"content":{"rendered":"<div data-elementor-type=\"wp-post\" data-elementor-id=\"5665\" class=\"elementor elementor-5665\" data-elementor-post-type=\"post\">\n\t\t\t\t\t\t<section class=\"elementor-section elementor-top-section elementor-element elementor-element-f9b2d87 elementor-section-boxed elementor-section-height-default elementor-section-height-default\" data-id=\"f9b2d87\" data-element_type=\"section\">\n\t\t\t\t\t\t<div class=\"elementor-container elementor-column-gap-default\">\n\t\t\t\t\t<div class=\"elementor-column elementor-col-100 elementor-top-column elementor-element elementor-element-991eabf\" data-id=\"991eabf\" data-element_type=\"column\">\n\t\t\t<div class=\"elementor-widget-wrap elementor-element-populated\">\n\t\t\t\t\t\t<div class=\"elementor-element elementor-element-22b072d elementor-toc--minimized-on-tablet elementor-widget elementor-widget-table-of-contents\" data-id=\"22b072d\" data-element_type=\"widget\" data-settings=\"{&quot;headings_by_tags&quot;:[&quot;h2&quot;],&quot;exclude_headings_by_selector&quot;:[],&quot;no_headings_message&quot;:&quot;No headings were found on this page.&quot;,&quot;marker_view&quot;:&quot;numbers&quot;,&quot;minimize_box&quot;:&quot;yes&quot;,&quot;minimized_on&quot;:&quot;tablet&quot;,&quot;hierarchical_view&quot;:&quot;yes&quot;,&quot;min_height&quot;:{&quot;unit&quot;:&quot;px&quot;,&quot;size&quot;:&quot;&quot;,&quot;sizes&quot;:[]},&quot;min_height_tablet&quot;:{&quot;unit&quot;:&quot;px&quot;,&quot;size&quot;:&quot;&quot;,&quot;sizes&quot;:[]},&quot;min_height_mobile&quot;:{&quot;unit&quot;:&quot;px&quot;,&quot;size&quot;:&quot;&quot;,&quot;sizes&quot;:[]}}\" data-widget_type=\"table-of-contents.default\">\n\t\t\t\t<div class=\"elementor-widget-container\">\n\t\t\t\t\t\t\t<div class=\"elementor-toc__header\">\n\t\t\t<h4 class=\"elementor-toc__header-title\">\n\t\t\t\tTabla de contenidos\t\t\t<\/h4>\n\t\t\t\t\t\t\t<div class=\"elementor-toc__toggle-button elementor-toc__toggle-button--expand\" role=\"button\" tabindex=\"0\" aria-controls=\"elementor-toc__22b072d\" aria-expanded=\"true\" aria-label=\"Abrir la tabla de contenidos\"><i aria-hidden=\"true\" class=\"fas fa-chevron-down\"><\/i><\/div>\n\t\t\t\t<div class=\"elementor-toc__toggle-button elementor-toc__toggle-button--collapse\" role=\"button\" tabindex=\"0\" aria-controls=\"elementor-toc__22b072d\" aria-expanded=\"true\" aria-label=\"Cerrar la tabla de contenidos\"><i aria-hidden=\"true\" class=\"fas fa-chevron-up\"><\/i><\/div>\n\t\t\t\t\t<\/div>\n\t\t<div id=\"elementor-toc__22b072d\" class=\"elementor-toc__body\">\n\t\t\t<div class=\"elementor-toc__spinner-container\">\n\t\t\t\t<i class=\"elementor-toc__spinner eicon-animation-spin eicon-loading\" aria-hidden=\"true\"><\/i>\t\t\t<\/div>\n\t\t<\/div>\n\t\t\t\t\t\t<\/div>\n\t\t\t\t<\/div>\n\t\t\t\t<div class=\"elementor-element elementor-element-abc308f elementor-widget__width-initial elementor-widget elementor-widget-text-editor\" data-id=\"abc308f\" data-element_type=\"widget\" data-widget_type=\"text-editor.default\">\n\t\t\t\t<div class=\"elementor-widget-container\">\n\t\t\t\t\t\t\t\t\t<h2>\u00bfC\u00f3mo lidiar con la ansiedad de volver a la escuela?<\/h2><p>A medida que el verano llega a su fin y se avecina el nuevo a\u00f1o escolar, muchas <a href=\"https:\/\/abacentersfl.com\/es\" target=\"_blank\" rel=\"noopener\" data-uw-rm-brl=\"PR\" data-uw-original-href=\"https:\/\/abacentersfl.com\/\" aria-label=\"familias comienzan a prepararse\" data-uw-rm-ext-link=\"\"><strong>familias comienzan a prepararse<\/strong><\/a> para la ansiedad por el regreso a clases. Para los ni\u00f1os con autismo, este per\u00edodo puede ser un desaf\u00edo. La interrupci\u00f3n de las rutinas, los nuevos entornos y el aumento de las expectativas pueden desencadenar ansiedad y estr\u00e9s.<\/p><p>Durante el verano, los ni\u00f1os a menudo pasan al modo de vacaciones, disfrutando de campamentos, eventos especiales y otras actividades que difieren significativamente de sus rutinas escolares. Regresar al entorno estructurado de la escuela despu\u00e9s de una temporada de flexibilidad y diversi\u00f3n puede ser un desaf\u00edo importante. Es posible que los padres se pregunten: \"\u00bfC\u00f3mo lidiar con la ansiedad de volver a la escuela?\"<\/p><p>Sin embargo, con una cuidadosa preparaci\u00f3n y el apoyo adecuado, los padres pueden ayudar a sus hijos a navegar esta transici\u00f3n sin problemas. En este blog de <strong>ABA Centers of Florida<\/strong>, profundizaremos en el manejo de la ansiedad por el regreso a clases, la preparaci\u00f3n para el nuevo a\u00f1o escolar y c\u00f3mo la terapia ABA puede ayudar a los ni\u00f1os con autismo.<\/p><h2>\u00bfPor Qu\u00e9 el Regreso a Clases Produce Ansiedad?<\/h2><p>La ansiedad por el regreso a clases es un fen\u00f3meno com\u00fan entre los estudiantes de todas las edades, pero puede ser particularmente desafiante para las personas con TEA. Durante las vacaciones, la rutina diaria se vuelve m\u00e1s flexible: se despiertan m\u00e1s tarde, realizan diferentes actividades y disfrutan de un horario menos estructurado.<\/p>\t\t\t\t\t\t\t\t<\/div>\n\t\t\t\t<\/div>\n\t\t\t\t\t<\/div>\n\t\t<\/div>\n\t\t\t\t\t<\/div>\n\t\t<\/section>\n\t\t<div class=\"elementor-element elementor-element-3eedf1d e-flex e-con-boxed e-con e-parent\" data-id=\"3eedf1d\" data-element_type=\"container\">\n\t\t\t\t\t<div class=\"e-con-inner\">\n\t\t<div class=\"elementor-element elementor-element-b98650c e-con-full e-flex e-con e-child\" data-id=\"b98650c\" data-element_type=\"container\">\n\t\t\t\t<div class=\"elementor-element elementor-element-72397ca elementor-widget elementor-widget-text-editor\" data-id=\"72397ca\" data-element_type=\"widget\" data-widget_type=\"text-editor.default\">\n\t\t\t\t<div class=\"elementor-widget-container\">\n\t\t\t\t\t\t\t\t\t<p>Un estudio realizado por <a href=\"https:\/\/www.mdpi.com\/2227-7102\/11\/11\/726\" target=\"_blank\" rel=\"noopener\" data-uw-rm-brl=\"PR\" data-uw-original-href=\"https:\/\/www.mdpi.com\/2227-7102\/11\/11\/726\" aria-label=\"Education Sciences\" data-uw-rm-ext-link=\"\" data-uw-original-><strong>Education Sciences<\/strong><\/a> revel\u00f3 que los ni\u00f1os en edad escolar y los adolescentes con TEA experimentan tasas significativamente m\u00e1s altas de ansiedad, con hasta un 40% que tiene al menos un trastorno de ansiedad. Las entrevistas con adolescentes autistas destacaron tres temas principales relacionados con la ansiedad en la escuela: la conciencia de la ansiedad, las fuentes de la ansiedad y las estrategias para manejarla. Los participantes relacionaron su ansiedad con sentimientos de preocupaci\u00f3n, presi\u00f3n y miedo, que a menudo resultaban en s\u00edntomas f\u00edsicos.\u202f<\/p>\t\t\t\t\t\t\t\t<\/div>\n\t\t\t\t<\/div>\n\t\t\t\t<\/div>\n\t\t<div class=\"elementor-element elementor-element-2e2c5d9 e-con-full e-flex e-con e-child\" data-id=\"2e2c5d9\" data-element_type=\"container\">\n\t\t\t\t<div class=\"elementor-element elementor-element-59b8a91 elementor-widget elementor-widget-image\" data-id=\"59b8a91\" data-element_type=\"widget\" data-widget_type=\"image.default\">\n\t\t\t\t<div class=\"elementor-widget-container\">\n\t\t\t\t\t\t\t\t\t\t\t\t\t\t\t<img fetchpriority=\"high\" decoding=\"async\" width=\"1024\" height=\"1024\" src=\"https:\/\/abacentersfl.com\/wp-content\/uploads\/Anxiety-in-School.jpg\" class=\"attachment-large size-large wp-image-5091\" alt=\"kid with anxiety in class\" srcset=\"https:\/\/abacentersfl.com\/wp-content\/uploads\/Anxiety-in-School.jpg 1024w, https:\/\/abacentersfl.com\/wp-content\/uploads\/Anxiety-in-School-300x300.jpg 300w, https:\/\/abacentersfl.com\/wp-content\/uploads\/Anxiety-in-School-150x150.jpg 150w, https:\/\/abacentersfl.com\/wp-content\/uploads\/Anxiety-in-School-768x768.jpg 768w, https:\/\/abacentersfl.com\/wp-content\/uploads\/Anxiety-in-School-12x12.jpg 12w\" sizes=\"(max-width: 1024px) 100vw, 1024px\" \/>\t\t\t\t\t\t\t\t\t\t\t\t\t\t\t<\/div>\n\t\t\t\t<\/div>\n\t\t\t\t<\/div>\n\t\t\t\t\t<\/div>\n\t\t\t\t<\/div>\n\t\t<div class=\"elementor-element elementor-element-10c4e0a e-flex e-con-boxed e-con e-parent\" data-id=\"10c4e0a\" data-element_type=\"container\">\n\t\t\t\t\t<div class=\"e-con-inner\">\n\t\t\t\t<div class=\"elementor-element elementor-element-f44a539 elementor-widget elementor-widget-text-editor\" data-id=\"f44a539\" data-element_type=\"widget\" data-widget_type=\"text-editor.default\">\n\t\t\t\t<div class=\"elementor-widget-container\">\n\t\t\t\t\t\t\t\t\t<p>Adem\u00e1s, el regreso a clases marca una transici\u00f3n significativa que puede alterar las rutinas, presentar nuevas demandas sociales y acad\u00e9micas y desencadenar una serie de desaf\u00edos sensoriales y emocionales. Comprender por qu\u00e9 este per\u00edodo es desafiante para los estudiantes con autismo puede ayudar a los padres, educadores y cuidadores a brindar un mejor apoyo y crear una transici\u00f3n m\u00e1s suave.<\/p><p><strong>El Impacto de los Cambios en la Rutina:<\/strong> Para muchas personas con autismo, la previsibilidad y la rutina son esenciales para mantener una sensaci\u00f3n de seguridad y estabilidad. Las vacaciones de verano a menudo permiten un horario diario m\u00e1s relajado y consistente, que puede ser significativamente diferente del entorno estructurado de una escuela. El cambio de esta rutina familiar a las demandas de un nuevo a\u00f1o escolar puede causar una ansiedad considerable. La imprevisibilidad de los nuevos maestros, compa\u00f1eros de clase y entornos se suma a este estr\u00e9s, lo que hace que el per\u00edodo de transici\u00f3n sea particularmente desalentador.<\/p><p><strong>Sobrecarga Sensorial:<\/strong> El entorno escolar, con sus luces brillantes, ruidos fuertes, pasillos abarrotados y olores variados, puede ser abrumador para los estudiantes con sensibilidades sensoriales. Estos desaf\u00edos sensoriales pueden provocar un aumento de la ansiedad y el estr\u00e9s, lo que les dificulta concentrarse en el aprendizaje e interactuar con sus compa\u00f1eros. La anticipaci\u00f3n de estas experiencias sensoriales tambi\u00e9n puede contribuir a la ansiedad por el regreso a clases.<\/p><p><strong>Interacciones Sociales y la Comunicaci\u00f3n:<\/strong> Muchas personas con autismo tienen dificultades con las interacciones sociales y la comunicaci\u00f3n. El entorno escolar requiere intercambios sociales frecuentes, desde participar en actividades grupales hasta comprender las se\u00f1ales sociales y mantener conversaciones. Estas demandas sociales pueden ser agotadoras y provocar ansiedad. El miedo al acoso, la exclusi\u00f3n o la incomprensi\u00f3n por parte de los compa\u00f1eros puede exacerbar a\u00fan m\u00e1s la ansiedad. La presi\u00f3n para ajustarse a las normas sociales y el potencial de rechazo social son fuentes significativas de estr\u00e9s para los estudiantes con autismo.<\/p><p><strong>Presiones Acad\u00e9micas:<\/strong> Las exigencias acad\u00e9micas de la escuela tambi\u00e9n pueden contribuir a la ansiedad de regreso a la escuela para los estudiantes con autismo. Muchas personas en el espectro tienen estilos de aprendizaje \u00fanicos y pueden requerir estrategias de instrucciones especializadas. El miedo a no cumplir con las expectativas acad\u00e9micas, tener dificultades con nuevas materias o enfrentar cambios en el apoyo educativo puede ser abrumador. Adem\u00e1s, la naturaleza estructurada de las actividades en el aula y la necesidad de seguir instrucciones complejas pueden plantear desaf\u00edos, aumentando a\u00fan m\u00e1s los niveles de ansiedad.<\/p><h2>6 Consejos para Una Transici\u00f3n Suave<\/h2><p>Comprender las razones detr\u00e1s de la ansiedad por el regreso a clases para las personas con autismo es el primer paso para brindar el apoyo adecuado; comprender que el autismo puede causar molestias en varios aspectos de la vida de tu hijo es esencial para reconocer sus necesidades y crear estrategias de apoyo para cada caso.<\/p><p>Estas son algunas estrategias para ayudar a facilitar la transici\u00f3n:<\/p><p><strong>1. Transici\u00f3n Gradual:<\/strong> Reintroducir la rutina escolar gradualmente unas semanas antes de que comience el a\u00f1o escolar puede ayudar a los estudiantes a adaptarse. Esta reintroducci\u00f3n puede incluir visitar la escuela, reunirse con los maestros y discutir los cambios que se avecinan.<\/p><p><strong>2. Apoyos Visuales:<\/strong> Los horarios visuales<a href=\"https:\/\/abacentersfl.com\/es\/blog\/beneficios-de-los-apoyos-visuales-para-el-autismo\/\" target=\"_blank\" rel=\"noopener\" data-uw-rm-brl=\"PR\" data-uw-original-href=\"https:\/\/abacentersfl.com\/blog\/visual-supports-for-autism-benefits\/\" aria-label=\"schedules and social stories - open in a new tab\" data-uw-rm-ext-link=\"\" data-uw-original-><strong> y las historias sociales<\/strong><\/a> pueden ayudar a los estudiantes a comprender y anticipar los cambios. Estas herramientas proporcionan un esquema claro de la rutina diaria y qu\u00e9 esperar, reduciendo la ansiedad. Aqu\u00ed, puedes <a href=\"https:\/\/cdn.thisreadingmama.com\/wp-content\/uploads\/2017\/08\/VSSC-SF-TRM.pdf\" target=\"_blank\" rel=\"noopener\" aria-label=\"download and customize a visual schedule - open in a new tab\" data-uw-rm-ext-link=\"\"><strong>descargar y personalizar un horario visual.<\/strong><\/a><\/p><p><strong>3. Adaptaciones Sensoriales:<\/strong> Crear un ambiente sensorialmente amigable en el aula puede ayudar a mitigar la sobrecarga sensorial. Este proceso puede incluir proporcionar auriculares con cancelaci\u00f3n de ruido, permitir pausas sensoriales o crear un espacio tranquilo.<\/p><p><strong>4. Entrenamiento en Habilidades Sociales:<\/strong> Brindar oportunidades para el entrenamiento en habilidades sociales puede ayudar a los estudiantes a navegar las interacciones sociales con m\u00e1s confianza. Los juegos de rol, las historias sociales y los sistemas de compa\u00f1eros pueden ser efectivos.<\/p>\t\t\t\t\t\t\t\t<\/div>\n\t\t\t\t<\/div>\n\t\t\t\t\t<\/div>\n\t\t\t\t<\/div>\n\t\t<div class=\"elementor-element elementor-element-5607832 e-flex e-con-boxed e-con e-parent\" data-id=\"5607832\" data-element_type=\"container\">\n\t\t\t\t\t<div class=\"e-con-inner\">\n\t\t<div class=\"elementor-element elementor-element-f2e8ad6 e-con-full e-flex e-con e-child\" data-id=\"f2e8ad6\" data-element_type=\"container\">\n\t\t\t\t<div class=\"elementor-element elementor-element-8aa85c5 elementor-widget elementor-widget-text-editor\" data-id=\"8aa85c5\" data-element_type=\"widget\" data-widget_type=\"text-editor.default\">\n\t\t\t\t<div class=\"elementor-widget-container\">\n\t\t\t\t\t\t\t\t\t<p><strong>5. Apoyo Emocional:<\/strong> Ense\u00f1ar estrategias de regulaci\u00f3n emocional, como la respiraci\u00f3n profunda, la atenci\u00f3n plena o el uso de una tabla de sentimientos, puede ayudar a los estudiantes a manejar su ansiedad. Hablar con un adulto o mentor de confianza tambi\u00e9n puede proporcionar tranquilidad emocional.<\/p><p><strong>6. Ajusta los Horarios de Sue\u00f1o:<\/strong> Comienza a cambiar el horario de sue\u00f1o de tu hijo unas semanas antes de que comiencen las clases. Pon la alarma un poco m\u00e1s temprano cada d\u00eda y an\u00edmalo a acostarse m\u00e1s temprano para ayudarles a adaptarse gradualmente a la rutina escolar.<\/p>\t\t\t\t\t\t\t\t<\/div>\n\t\t\t\t<\/div>\n\t\t\t\t<\/div>\n\t\t<div class=\"elementor-element elementor-element-375ff89 e-con-full e-flex e-con e-child\" data-id=\"375ff89\" data-element_type=\"container\">\n\t\t\t\t<div class=\"elementor-element elementor-element-473c5df elementor-widget elementor-widget-image\" data-id=\"473c5df\" data-element_type=\"widget\" data-widget_type=\"image.default\">\n\t\t\t\t<div class=\"elementor-widget-container\">\n\t\t\t\t\t\t\t\t\t\t\t\t\t\t\t<img decoding=\"async\" width=\"1024\" height=\"1024\" src=\"https:\/\/abacentersfl.com\/wp-content\/uploads\/Emotional-Support.jpg\" class=\"attachment-large size-large wp-image-5093\" alt=\"Mother hugging his kid\" srcset=\"https:\/\/abacentersfl.com\/wp-content\/uploads\/Emotional-Support.jpg 1024w, https:\/\/abacentersfl.com\/wp-content\/uploads\/Emotional-Support-300x300.jpg 300w, https:\/\/abacentersfl.com\/wp-content\/uploads\/Emotional-Support-150x150.jpg 150w, https:\/\/abacentersfl.com\/wp-content\/uploads\/Emotional-Support-768x768.jpg 768w, https:\/\/abacentersfl.com\/wp-content\/uploads\/Emotional-Support-12x12.jpg 12w\" sizes=\"(max-width: 1024px) 100vw, 1024px\" \/>\t\t\t\t\t\t\t\t\t\t\t\t\t\t\t<\/div>\n\t\t\t\t<\/div>\n\t\t\t\t<\/div>\n\t\t\t\t\t<\/div>\n\t\t\t\t<\/div>\n\t\t<div class=\"elementor-element elementor-element-e47ab8c e-flex e-con-boxed e-con e-parent\" data-id=\"e47ab8c\" data-element_type=\"container\">\n\t\t\t\t\t<div class=\"e-con-inner\">\n\t\t\t\t<div class=\"elementor-element elementor-element-b178d53 elementor-align-center elementor-widget elementor-widget-button\" data-id=\"b178d53\" data-element_type=\"widget\" data-widget_type=\"button.default\">\n\t\t\t\t<div class=\"elementor-widget-container\">\n\t\t\t\t\t\t\t\t\t<div class=\"elementor-button-wrapper\">\n\t\t\t\t\t<a class=\"elementor-button elementor-button-link elementor-size-sm\" href=\"https:\/\/abacentersfl.com\/es\/servicios\/\">\n\t\t\t\t\t\t<span class=\"elementor-button-content-wrapper\">\n\t\t\t\t\t\t\t\t\t<span class=\"elementor-button-text\">Explore our Autism ABA Care<\/span>\n\t\t\t\t\t<\/span>\n\t\t\t\t\t<\/a>\n\t\t\t\t<\/div>\n\t\t\t\t\t\t\t\t<\/div>\n\t\t\t\t<\/div>\n\t\t\t\t\t<\/div>\n\t\t\t\t<\/div>\n\t\t<div class=\"elementor-element elementor-element-dc952e7 e-flex e-con-boxed e-con e-parent\" data-id=\"dc952e7\" data-element_type=\"container\">\n\t\t\t\t\t<div class=\"e-con-inner\">\n\t\t\t\t<div class=\"elementor-element elementor-element-f1e338e elementor-widget elementor-widget-text-editor\" data-id=\"f1e338e\" data-element_type=\"widget\" data-widget_type=\"text-editor.default\">\n\t\t\t\t<div class=\"elementor-widget-container\">\n\t\t\t\t\t\t\t\t\t<h2>Apoyo a los Padres Con la Terapia ABA<\/h2><p>El autismo es una condici\u00f3n que afecta a las personas en diferentes niveles de gravedad y con diferentes signos. Algunas personas con TEA pueden mostrar signos graves y ser no verbales, lo que requiere apoyo para tareas b\u00e1sicas, mientras que otras pueden experimentar sensibilidades sensoriales y ansiedad en entornos como la escuela.<\/p><p>En tales casos, las personas con autismo pueden beneficiarse de un apoyo adicional para navegar estos desaf\u00edos de manera efectiva. La terapia del <a href=\"https:\/\/abacentersfl.com\/es\/blog\/5-resultados-excepcionales-de-la-terapia-aba\/\" data-uw-rm-brl=\"PR\" data-uw-original-href=\"https:\/\/abacentersfl.com\/blog\/aba-therapy-outcomes\/\" data-uw-original-><strong>An\u00e1lisis del Comportamiento Aplicado<\/strong><\/a> es un enfoque reconocido que se enfoca en comprender y mejorar los comportamientos de maneras socialmente significativas. A diferencia de otros m\u00e9todos terap\u00e9uticos, ABA hace hincapi\u00e9 en los planes de intervenci\u00f3n personalizados adaptados a las necesidades y fortalezas espec\u00edficas de cada persona. Este enfoque no solo aborda los desaf\u00edos inmediatos, como el manejo de los est\u00edmulos sensoriales y la ansiedad, sino que tambi\u00e9n tiene como objetivo cultivar comportamientos nuevos y positivos que mejoren las interacciones sociales y el rendimiento acad\u00e9mico.<\/p><p>Los terapeutas de ABA trabajan en estrecha colaboraci\u00f3n con las personas con autismo y sus familias para desarrollar e implementar estos planes personalizados. Realizan evaluaciones exhaustivas para identificar \u00e1reas de dificultad, establecer metas medibles y utilizar t\u00e9cnicas basadas en evidencia para reforzar los comportamientos deseados. A trav\u00e9s de sesiones estructuradas, los terapeutas ayudan a los ni\u00f1os a aprender habilidades esenciales, como la comunicaci\u00f3n, la interacci\u00f3n social y la regulaci\u00f3n emocional, cruciales para el \u00e9xito en la escuela y m\u00e1s all\u00e1.<\/p><h2>ABA Centers of Florida: Tu Socio en el Cuidado del Autismo<\/h2><p>En <strong>ABA Centers of Florida<\/strong>, ofrecemos atenci\u00f3n de primer nivel para el autismo a trav\u00e9s de la terapia ABA personalizada dise\u00f1ada para satisfacer las necesidades \u00fanicas de cada ni\u00f1o. Nuestro equipo dedicado de profesionales en Doral, Miramar, Jensen Beach, Tampa, Orlando y Boca Raton apoya a las familias para navegar todos los aspectos del autismo, incluyendo el manejo de la ansiedad por el regreso a clases. Entendemos las complejidades del autismo y estamos comprometidos a brindar apoyo integral que ayude a los ni\u00f1os a prosperar tanto en casa como en la escuela.<\/p><p>Nuestra terapia ABA personalizada se enfoca en el desarrollo de habilidades, estrategias conductuales y capacitaci\u00f3n para padres, asegurando que cada ni\u00f1o reciba atenci\u00f3n personalizada que aborde sus desaf\u00edos y fortalezas espec\u00edficos.<\/p><p>Si est\u00e1s buscando apoyo experto para tu hijo durante la transici\u00f3n de regreso a la escuela, ll\u00e1manos al <a href=\"tel:+17727731975\" target=\"_blank\" rel=\"noopener\"><b>(772) 773-1975<\/b><\/a> o <a href=\"https:\/\/abacentersfl.com\/es\/contactanos\/\" target=\"_blank\" rel=\"noopener\" data-uw-rm-brl=\"PR\" data-uw-original-href=\"https:\/\/abacentersfl.com\/contact-us\/\" aria-label=\"fill out our online form - open in a new tab\" data-uw-rm-ext-link=\"\" data-uw-original-><strong>completa nuestro formulario en l\u00ednea<\/strong><\/a> para comunicarnos contigo. Perm\u00edtenos asociarnos contigo para brindarle a tu hijo atenci\u00f3n y apoyo de la m\u00e1s alta calidad, asegurando un comienzo exitoso y seguro del nuevo a\u00f1o escolar.<\/p>\t\t\t\t\t\t\t\t<\/div>\n\t\t\t\t<\/div>\n\t\t\t\t\t<\/div>\n\t\t\t\t<\/div>\n\t\t\t\t<\/div>","protected":false},"excerpt":{"rendered":"<p>La neurodiversidad y el abuso de sustancias es un tema importante, y debe abordarse con empat\u00eda y comprensi\u00f3n, reconociendo la complejidad de la situaci\u00f3n. No estamos aqu\u00ed para juzgar ni simplificar, sino para explorar los factores que contribuyen a esta posible relaci\u00f3n y, m\u00e1s importante a\u00fan, c\u00f3mo podemos apoyar a nuestros seres queridos neurodivergentes para que tengan vidas plenas y saludables.<\/p>","protected":false},"author":17,"featured_media":5090,"comment_status":"closed","ping_status":"open","sticky":false,"template":"","format":"standard","meta":{"site-sidebar-layout":"default","site-content-layout":"","ast-site-content-layout":"","site-content-style":"default","site-sidebar-style":"default","ast-global-header-display":"","ast-banner-title-visibility":"","ast-main-header-display":"","ast-hfb-above-header-display":"","ast-hfb-below-header-display":"","ast-hfb-mobile-header-display":"","site-post-title":"","ast-breadcrumbs-content":"","ast-featured-img":"","footer-sml-layout":"","theme-transparent-header-meta":"","adv-header-id-meta":"","stick-header-meta":"","header-above-stick-meta":"","header-main-stick-meta":"","header-below-stick-meta":"","astra-migrate-meta-layouts":"default","ast-page-background-enabled":"default","ast-page-background-meta":{"desktop":{"background-color":"var(--ast-global-color-4)","background-image":"","background-repeat":"repeat","background-position":"center center","background-size":"auto","background-attachment":"scroll","background-type":"","background-media":"","overlay-type":"","overlay-color":"","overlay-opacity":"","overlay-gradient":""},"tablet":{"background-color":"","background-image":"","background-repeat":"repeat","background-position":"center center","background-size":"auto","background-attachment":"scroll","background-type":"","background-media":"","overlay-type":"","overlay-color":"","overlay-opacity":"","overlay-gradient":""},"mobile":{"background-color":"","background-image":"","background-repeat":"repeat","background-position":"center center","background-size":"auto","background-attachment":"scroll","background-type":"","background-media":"","overlay-type":"","overlay-color":"","overlay-opacity":"","overlay-gradient":""}},"ast-content-background-meta":{"desktop":{"background-color":"var(--ast-global-color-5)","background-image":"","background-repeat":"repeat","background-position":"center center","background-size":"auto","background-attachment":"scroll","background-type":"","background-media":"","overlay-type":"","overlay-color":"","overlay-opacity":"","overlay-gradient":""},"tablet":{"background-color":"var(--ast-global-color-5)","background-image":"","background-repeat":"repeat","background-position":"center center","background-size":"auto","background-attachment":"scroll","background-type":"","background-media":"","overlay-type":"","overlay-color":"","overlay-opacity":"","overlay-gradient":""},"mobile":{"background-color":"var(--ast-global-color-5)","background-image":"","background-repeat":"repeat","background-position":"center center","background-size":"auto","background-attachment":"scroll","background-type":"","background-media":"","overlay-type":"","overlay-color":"","overlay-opacity":"","overlay-gradient":""}},"footnotes":""},"categories":[17],"tags":[24,183,182,184],"class_list":["post-5665","post","type-post","status-publish","format-standard","has-post-thumbnail","hentry","category-blog","tag-aba-therapy","tag-anxiety-in-autism","tag-back-to-school-anxiety","tag-sensory-sensitivities"],"_links":{"self":[{"href":"https:\/\/abacentersfl.com\/es\/wp-json\/wp\/v2\/posts\/5665","targetHints":{"allow":["GET"]}}],"collection":[{"href":"https:\/\/abacentersfl.com\/es\/wp-json\/wp\/v2\/posts"}],"about":[{"href":"https:\/\/abacentersfl.com\/es\/wp-json\/wp\/v2\/types\/post"}],"author":[{"embeddable":true,"href":"https:\/\/abacentersfl.com\/es\/wp-json\/wp\/v2\/users\/17"}],"replies":[{"embeddable":true,"href":"https:\/\/abacentersfl.com\/es\/wp-json\/wp\/v2\/comments?post=5665"}],"version-history":[{"count":0,"href":"https:\/\/abacentersfl.com\/es\/wp-json\/wp\/v2\/posts\/5665\/revisions"}],"wp:featuredmedia":[{"embeddable":true,"href":"https:\/\/abacentersfl.com\/es\/wp-json\/wp\/v2\/media\/5090"}],"wp:attachment":[{"href":"https:\/\/abacentersfl.com\/es\/wp-json\/wp\/v2\/media?parent=5665"}],"wp:term":[{"taxonomy":"category","embeddable":true,"href":"https:\/\/abacentersfl.com\/es\/wp-json\/wp\/v2\/categories?post=5665"},{"taxonomy":"post_tag","embeddable":true,"href":"https:\/\/abacentersfl.com\/es\/wp-json\/wp\/v2\/tags?post=5665"}],"curies":[{"name":"wp","href":"https:\/\/api.w.org\/{rel}","templated":true}]}}